{"id":1211,"date":"2026-09-04T05:56:41","date_gmt":"2026-09-04T05:56:41","guid":{"rendered":"https:\/\/zspnr1-krasnystaw.edu.pl\/?p=1211"},"modified":"2026-09-04T08:21:11","modified_gmt":"2026-09-04T08:21:11","slug":"awans-zawodowy-nauczycieli-naszej-szkoly","status":"publish","type":"post","link":"https:\/\/zspnr1-krasnystaw.edu.pl\/?p=1211","title":{"rendered":"Awans zawodowy nauczycieli naszej szko\u0142y."},"content":{"rendered":"\n<p class=\"wp-block-paragraph\">Dnia 3 wrze\u015bnia 2026 r. w Muzeum Regionalnym w Krasnymstawie odby\u0142o si\u0119 uroczyste wr\u0119czenie akt\u00f3w nadania stopnia awansu zawodowego nauczyciela mianowanego. Awans zawodowy otrzyma\u0142y:<\/p>\n\n\n\n<p class=\"wp-block-paragraph\">Agnieszka Repe\u0107<\/p>\n\n\n\n<p class=\"wp-block-paragraph\">Wioleta Kister-Jakubiak<\/p>\n\n\n\n<p class=\"wp-block-paragraph\">Ma\u0142gorzata Bielecka-Dudek<\/p>\n\n\n\n<p class=\"wp-block-paragraph\">Uroczystego wr\u0119czenia dokonali:<\/p>\n\n\n\n<p class=\"wp-block-paragraph\">Janusz Szpak- starosta krasnostawski, Marek Nowosadzki- wicestarosta krasnostawski.<\/p>\n\n\n\n<p class=\"wp-block-paragraph\">Przedstawiciele w\u0142adz powiatu pogratulowali nauczycielom uzyskania awansu, \u017cycz\u0105c satysfakcji z wykonywanej pracy i dalszych sukces\u00f3w zawodowych.<\/p>\n\n\n\n<figure class=\"wp-block-image size-full is-resized\"><img loading=\"lazy\" decoding=\"async\" width=\"1024\" height=\"683\" src=\"https:\/\/zspnr1-krasnystaw.edu.pl\/wp-content\/uploads\/2026\/09\/mianowanie-nauczycieli-ZS-Nr1-1.png\" alt=\" uroczysto\u015b\u0107 nadania aktu mianowania nauczycielom ZS Nr1\" class=\"wp-image-1212\" style=\"aspect-ratio:1.4992965012662978;width:796px;height:auto\" srcset=\"https:\/\/zspnr1-krasnystaw.edu.pl\/wp-content\/uploads\/2026\/09\/mianowanie-nauczycieli-ZS-Nr1-1.png 1024w, https:\/\/zspnr1-krasnystaw.edu.pl\/wp-content\/uploads\/2026\/09\/mianowanie-nauczycieli-ZS-Nr1-1-300x200.png 300w, https:\/\/zspnr1-krasnystaw.edu.pl\/wp-content\/uploads\/2026\/09\/mianowanie-nauczycieli-ZS-Nr1-1-768x512.png 768w\" sizes=\"auto, (max-width: 1024px) 100vw, 1024px\" \/><\/figure>\n\n\n\n<figure class=\"wp-block-image size-full is-resized\"><img loading=\"lazy\" decoding=\"async\" width=\"1024\" height=\"561\" src=\"https:\/\/zspnr1-krasnystaw.edu.pl\/wp-content\/uploads\/2026\/09\/Awans-zawodowy-uroczystosc-1.png\" alt=\"Nauczyciele, dyrektorzy, w\u0142adze samorz\u0105dowe - zdj\u0119cie grupowe, nauczyciele odebrali akty nadania stopnia awansu zawodowego nauczyciela mianowanego.\" class=\"wp-image-1217\" style=\"aspect-ratio:1.825334741770634;width:801px;height:auto\" srcset=\"https:\/\/zspnr1-krasnystaw.edu.pl\/wp-content\/uploads\/2026\/09\/Awans-zawodowy-uroczystosc-1.png 1024w, https:\/\/zspnr1-krasnystaw.edu.pl\/wp-content\/uploads\/2026\/09\/Awans-zawodowy-uroczystosc-1-300x164.png 300w, https:\/\/zspnr1-krasnystaw.edu.pl\/wp-content\/uploads\/2026\/09\/Awans-zawodowy-uroczystosc-1-768x421.png 768w\" sizes=\"auto, (max-width: 1024px) 100vw, 1024px\" \/><\/figure>\n","protected":false},"excerpt":{"rendered":"<p>Dnia 3 wrze\u015bnia 2026 r. w Muzeum Regionalnym w Krasnymstawie odby\u0142o si\u0119 uroczyste wr\u0119czenie akt\u00f3w nadania stopnia awansu zawodowego nauczyciela mianowanego. Awans zawodowy otrzyma\u0142y: Agnieszka Repe\u0107 Wioleta Kister-Jakubiak Ma\u0142gorzata Bielecka-Dudek Uroczystego wr\u0119czenia dokonali: Janusz Szpak- starosta krasnostawski, Marek Nowosadzki- wicestarosta krasnostawski. Przedstawiciele w\u0142adz powiatu pogratulowali nauczycielom uzyskania awansu, \u017cycz\u0105c satysfakcji z wykonywanej pracy i dalszych [&hellip;]<\/p>\n","protected":false},"author":2,"featured_media":1212,"comment_status":"closed","ping_status":"closed","sticky":false,"template":"","format":"standard","meta":{"_zsp_wydarzenie":"","footnotes":""},"categories":[8,9],"tags":[],"class_list":["post-1211","post","type-post","status-publish","format-standard","has-post-thumbnail","hentry","category-aktualnosci","category-kalendarz"],"_links":{"self":[{"href":"https:\/\/zspnr1-krasnystaw.edu.pl\/index.php?rest_route=\/wp\/v2\/posts\/1211","targetHints":{"allow":["GET"]}}],"collection":[{"href":"https:\/\/zspnr1-krasnystaw.edu.pl\/index.php?rest_route=\/wp\/v2\/posts"}],"about":[{"href":"https:\/\/zspnr1-krasnystaw.edu.pl\/index.php?rest_route=\/wp\/v2\/types\/post"}],"author":[{"embeddable":true,"href":"https:\/\/zspnr1-krasnystaw.edu.pl\/index.php?rest_route=\/wp\/v2\/users\/2"}],"replies":[{"embeddable":true,"href":"https:\/\/zspnr1-krasnystaw.edu.pl\/index.php?rest_route=%2Fwp%2Fv2%2Fcomments&post=1211"}],"version-history":[{"count":7,"href":"https:\/\/zspnr1-krasnystaw.edu.pl\/index.php?rest_route=\/wp\/v2\/posts\/1211\/revisions"}],"predecessor-version":[{"id":1228,"href":"https:\/\/zspnr1-krasnystaw.edu.pl\/index.php?rest_route=\/wp\/v2\/posts\/1211\/revisions\/1228"}],"wp:featuredmedia":[{"embeddable":true,"href":"https:\/\/zspnr1-krasnystaw.edu.pl\/index.php?rest_route=\/wp\/v2\/media\/1212"}],"wp:attachment":[{"href":"https:\/\/zspnr1-krasnystaw.edu.pl\/index.php?rest_route=%2Fwp%2Fv2%2Fmedia&parent=1211"}],"wp:term":[{"taxonomy":"category","embeddable":true,"href":"https:\/\/zspnr1-krasnystaw.edu.pl\/index.php?rest_route=%2Fwp%2Fv2%2Fcategories&post=1211"},{"taxonomy":"post_tag","embeddable":true,"href":"https:\/\/zspnr1-krasnystaw.edu.pl\/index.php?rest_route=%2Fwp%2Fv2%2Ftags&post=1211"}],"curies":[{"name":"wp","href":"https:\/\/api.w.org\/{rel}","templated":true}]}}